{"id":94,"date":"2017-06-16T20:45:19","date_gmt":"2017-06-16T18:45:19","guid":{"rendered":"http:\/\/jo-voss.de\/?p=94"},"modified":"2017-07-30T14:47:07","modified_gmt":"2017-07-30T12:47:07","slug":"helmut-kohl-ist-tot","status":"publish","type":"post","link":"https:\/\/jo-voss.de\/?p=94","title":{"rendered":"Helmut Kohl ist tot"},"content":{"rendered":"<p>Ein gro\u00dfer Wegbereiter EUROPAS und zur Deutschen Einheit ist tot. Helmut Kohl ist heute Nachmittag verstorben. Deutschland hat ihm viel zu verdanken.<\/p>\n<p>&#8211; Bei dieser Nachricht erinnere ich mich daran, dass wir im Juli 1985 zuf\u00e4llig in \u00d6sterreich den Bundeskanzler und seine Frau getroffen haben und ein kurzes Gespr\u00e4ch von Urlauber zu Urlauber f\u00fchren konnten. Mein Sohn Michael erhielt ein Autogramm auf einer \u00d6sterreichischen Zeitung.<\/p>\n","protected":false},"excerpt":{"rendered":"<p>Ein gro\u00dfer Wegbereiter EUROPAS und zur Deutschen Einheit ist tot. Helmut Kohl ist heute Nachmittag verstorben. Deutschland hat ihm viel [&hellip;]<\/p>\n","protected":false},"author":2,"featured_media":0,"comment_status":"open","ping_status":"open","sticky":false,"template":"","format":"standard","meta":{"footnotes":""},"categories":[9,4,14],"tags":[],"views":1748,"_links":{"self":[{"href":"https:\/\/jo-voss.de\/index.php?rest_route=\/wp\/v2\/posts\/94"}],"collection":[{"href":"https:\/\/jo-voss.de\/index.php?rest_route=\/wp\/v2\/posts"}],"about":[{"href":"https:\/\/jo-voss.de\/index.php?rest_route=\/wp\/v2\/types\/post"}],"author":[{"embeddable":true,"href":"https:\/\/jo-voss.de\/index.php?rest_route=\/wp\/v2\/users\/2"}],"replies":[{"embeddable":true,"href":"https:\/\/jo-voss.de\/index.php?rest_route=%2Fwp%2Fv2%2Fcomments&post=94"}],"version-history":[{"count":1,"href":"https:\/\/jo-voss.de\/index.php?rest_route=\/wp\/v2\/posts\/94\/revisions"}],"predecessor-version":[{"id":95,"href":"https:\/\/jo-voss.de\/index.php?rest_route=\/wp\/v2\/posts\/94\/revisions\/95"}],"wp:attachment":[{"href":"https:\/\/jo-voss.de\/index.php?rest_route=%2Fwp%2Fv2%2Fmedia&parent=94"}],"wp:term":[{"taxonomy":"category","embeddable":true,"href":"https:\/\/jo-voss.de\/index.php?rest_route=%2Fwp%2Fv2%2Fcategories&post=94"},{"taxonomy":"post_tag","embeddable":true,"href":"https:\/\/jo-voss.de\/index.php?rest_route=%2Fwp%2Fv2%2Ftags&post=94"}],"curies":[{"name":"wp","href":"https:\/\/api.w.org\/{rel}","templated":true}]}}