{"id":88,"date":"2017-06-29T21:51:14","date_gmt":"2017-06-29T19:51:14","guid":{"rendered":"http:\/\/jo-voss.de\/?p=88"},"modified":"2017-07-30T13:53:14","modified_gmt":"2017-07-30T11:53:14","slug":"erinnerungen-an-den-zweiten-weltkrieg","status":"publish","type":"post","link":"https:\/\/jo-voss.de\/?p=88","title":{"rendered":"Erinnerungen an den Zweiten Weltkrieg"},"content":{"rendered":"<figure id=\"attachment_87\" aria-describedby=\"caption-attachment-87\" style=\"width: 526px\" class=\"wp-caption alignright\"><a href=\"http:\/\/jo-voss.de\/wp-content\/uploads\/2017\/07\/elbbr\u00fccke.jpg\"><img loading=\"lazy\" decoding=\"async\" src=\"http:\/\/jo-voss.de\/wp-content\/uploads\/2017\/07\/elbbr\u00fccke.jpg\" alt=\"Elbbr\u00fccke in Hamburg\" width=\"526\" height=\"936\" class=\"size-full wp-image-87\" srcset=\"https:\/\/jo-voss.de\/wp-content\/uploads\/2017\/07\/elbbr\u00fccke.jpg 526w, https:\/\/jo-voss.de\/wp-content\/uploads\/2017\/07\/elbbr\u00fccke-169x300.jpg 169w, https:\/\/jo-voss.de\/wp-content\/uploads\/2017\/07\/elbbr\u00fccke-135x240.jpg 135w\" sizes=\"(max-width: 526px) 100vw, 526px\" \/><\/a><figcaption id=\"caption-attachment-87\" class=\"wp-caption-text\">Elbbr\u00fccke in Hamburg<\/figcaption><\/figure>Nach einer Wanderung auf den Deichen an der Norder- und S\u00fcderelbe entlang ging es heute durch das Tor der alten Elbbr\u00fccke nach Harburg. Dabei erinnerte ich mich an den 9. Juli 1945. Nach unserer Ausbombung im Juli 1943 kam ich 2 Jahre sp\u00e4ter durch dieses Tor mit meiner Mutter, meinem Bruder und anderen Personen auf einem be\u00e4ngstigend hoch mit Gep\u00e4ck beladenen klapprigen offenen LKW, wir hoch oben drauf, in das aus Ruinen bestehende Hamburg zur\u00fcck.<\/p>\n","protected":false},"excerpt":{"rendered":"<p>Nach einer Wanderung auf den Deichen an der Norder- und S\u00fcderelbe entlang ging es heute durch das Tor der alten [&hellip;]<\/p>\n","protected":false},"author":2,"featured_media":0,"comment_status":"open","ping_status":"open","sticky":false,"template":"","format":"standard","meta":{"footnotes":""},"categories":[18,16],"tags":[],"views":4082,"_links":{"self":[{"href":"https:\/\/jo-voss.de\/index.php?rest_route=\/wp\/v2\/posts\/88"}],"collection":[{"href":"https:\/\/jo-voss.de\/index.php?rest_route=\/wp\/v2\/posts"}],"about":[{"href":"https:\/\/jo-voss.de\/index.php?rest_route=\/wp\/v2\/types\/post"}],"author":[{"embeddable":true,"href":"https:\/\/jo-voss.de\/index.php?rest_route=\/wp\/v2\/users\/2"}],"replies":[{"embeddable":true,"href":"https:\/\/jo-voss.de\/index.php?rest_route=%2Fwp%2Fv2%2Fcomments&post=88"}],"version-history":[{"count":1,"href":"https:\/\/jo-voss.de\/index.php?rest_route=\/wp\/v2\/posts\/88\/revisions"}],"predecessor-version":[{"id":89,"href":"https:\/\/jo-voss.de\/index.php?rest_route=\/wp\/v2\/posts\/88\/revisions\/89"}],"wp:attachment":[{"href":"https:\/\/jo-voss.de\/index.php?rest_route=%2Fwp%2Fv2%2Fmedia&parent=88"}],"wp:term":[{"taxonomy":"category","embeddable":true,"href":"https:\/\/jo-voss.de\/index.php?rest_route=%2Fwp%2Fv2%2Fcategories&post=88"},{"taxonomy":"post_tag","embeddable":true,"href":"https:\/\/jo-voss.de\/index.php?rest_route=%2Fwp%2Fv2%2Ftags&post=88"}],"curies":[{"name":"wp","href":"https:\/\/api.w.org\/{rel}","templated":true}]}}