{"id":85,"date":"2017-07-08T20:37:52","date_gmt":"2017-07-08T18:37:52","guid":{"rendered":"http:\/\/jo-voss.de\/?p=85"},"modified":"2017-07-30T13:38:08","modified_gmt":"2017-07-30T11:38:08","slug":"hamburg-und-der-g20-gipfel","status":"publish","type":"post","link":"https:\/\/jo-voss.de\/?p=85","title":{"rendered":"Hamburg und der G20-Gipfel"},"content":{"rendered":"<p>Schlimm was hier gerade in einer sonst so friedlichen Stadt geschieht! Ich k\u00f6nnte heulen!! Egal ob f\u00fcr oder gegen G 20. &#8211; Mutwilliges Zerst\u00f6ren von Gesch\u00e4ften und Privateigentum, Anz\u00fcnden von Autos und Bau von Barrikaden ist verwerflich und hart zu bestrafen! Und schon wieder kreisen selbst hier in dem im Nordwesten liegenden Niendorf die Hubschrauber.<\/p>\n","protected":false},"excerpt":{"rendered":"<p>Schlimm was hier gerade in einer sonst so friedlichen Stadt geschieht! Ich k\u00f6nnte heulen!! Egal ob f\u00fcr oder gegen G [&hellip;]<\/p>\n","protected":false},"author":2,"featured_media":0,"comment_status":"open","ping_status":"open","sticky":false,"template":"","format":"standard","meta":{"footnotes":""},"categories":[16,14],"tags":[],"views":4768,"_links":{"self":[{"href":"https:\/\/jo-voss.de\/index.php?rest_route=\/wp\/v2\/posts\/85"}],"collection":[{"href":"https:\/\/jo-voss.de\/index.php?rest_route=\/wp\/v2\/posts"}],"about":[{"href":"https:\/\/jo-voss.de\/index.php?rest_route=\/wp\/v2\/types\/post"}],"author":[{"embeddable":true,"href":"https:\/\/jo-voss.de\/index.php?rest_route=\/wp\/v2\/users\/2"}],"replies":[{"embeddable":true,"href":"https:\/\/jo-voss.de\/index.php?rest_route=%2Fwp%2Fv2%2Fcomments&post=85"}],"version-history":[{"count":1,"href":"https:\/\/jo-voss.de\/index.php?rest_route=\/wp\/v2\/posts\/85\/revisions"}],"predecessor-version":[{"id":86,"href":"https:\/\/jo-voss.de\/index.php?rest_route=\/wp\/v2\/posts\/85\/revisions\/86"}],"wp:attachment":[{"href":"https:\/\/jo-voss.de\/index.php?rest_route=%2Fwp%2Fv2%2Fmedia&parent=85"}],"wp:term":[{"taxonomy":"category","embeddable":true,"href":"https:\/\/jo-voss.de\/index.php?rest_route=%2Fwp%2Fv2%2Fcategories&post=85"},{"taxonomy":"post_tag","embeddable":true,"href":"https:\/\/jo-voss.de\/index.php?rest_route=%2Fwp%2Fv2%2Ftags&post=85"}],"curies":[{"name":"wp","href":"https:\/\/api.w.org\/{rel}","templated":true}]}}