{"id":82,"date":"2017-07-25T17:46:27","date_gmt":"2017-07-25T15:46:27","guid":{"rendered":"http:\/\/jo-voss.de\/?p=82"},"modified":"2017-07-31T18:32:16","modified_gmt":"2017-07-31T16:32:16","slug":"82","status":"publish","type":"post","link":"https:\/\/jo-voss.de\/?p=82","title":{"rendered":"Bergwandern rund um den Achensee"},"content":{"rendered":"<p>Wer m\u00f6chte mit mir, dem &#8222;n\u00f6rdlichsten&#8220; Tiroler Bergwanderf\u00fchrer (aus Hamburg) und\/oder dem Bergwanderf\u00fchrer vom Wanderhotel Achentalerhof, Achenkirch\/Tirol vom 1. bis 15. Oktober 2017 eine oder beide Wochen rund um den Achensee wandern und die herbstliche F\u00e4rbung des Ahorn und der Zirben genie\u00dfen? HP+ im DZ ab 602.- Euro, EZ 686.- Euro incl. mindestens 5 gef\u00fchrte Wanderungen je Woche. Verl\u00e4ngerungswoche minus 20%. Eigenanreise (per Bahn bis Jenbach, von dort kostenfrei mit Regiobus bis Achenkirch).<br \/>\nN\u00e4heres und Anmeldung (Stichwort Joachim) unter <a href=\"http:\/\/www.achentalerhof.at\" target=\"_blank\">www.achentalerhof.at<\/a> ; Tel. 0043 5246 5303.<br \/>\nSehen wir uns dort?<\/p>\n<h3>Karte<\/h3>\n<div class=\"su-gmap su-u-responsive-media-yes\"><iframe loading=\"lazy\" width=\"600\" height=\"400\" src=\"\/\/maps.google.com\/maps?q=Achensee&amp;output=embed\" title=\"\"><\/iframe><\/div>\n","protected":false},"excerpt":{"rendered":"<p>Wer m\u00f6chte mit mir, dem &#8222;n\u00f6rdlichsten&#8220; Tiroler Bergwanderf\u00fchrer (aus Hamburg) und\/oder dem Bergwanderf\u00fchrer vom Wanderhotel Achentalerhof, Achenkirch\/Tirol vom 1. bis [&hellip;]<\/p>\n","protected":false},"author":2,"featured_media":0,"comment_status":"open","ping_status":"open","sticky":false,"template":"","format":"standard","meta":{"footnotes":""},"categories":[4,5],"tags":[],"views":4947,"_links":{"self":[{"href":"https:\/\/jo-voss.de\/index.php?rest_route=\/wp\/v2\/posts\/82"}],"collection":[{"href":"https:\/\/jo-voss.de\/index.php?rest_route=\/wp\/v2\/posts"}],"about":[{"href":"https:\/\/jo-voss.de\/index.php?rest_route=\/wp\/v2\/types\/post"}],"author":[{"embeddable":true,"href":"https:\/\/jo-voss.de\/index.php?rest_route=\/wp\/v2\/users\/2"}],"replies":[{"embeddable":true,"href":"https:\/\/jo-voss.de\/index.php?rest_route=%2Fwp%2Fv2%2Fcomments&post=82"}],"version-history":[{"count":3,"href":"https:\/\/jo-voss.de\/index.php?rest_route=\/wp\/v2\/posts\/82\/revisions"}],"predecessor-version":[{"id":141,"href":"https:\/\/jo-voss.de\/index.php?rest_route=\/wp\/v2\/posts\/82\/revisions\/141"}],"wp:attachment":[{"href":"https:\/\/jo-voss.de\/index.php?rest_route=%2Fwp%2Fv2%2Fmedia&parent=82"}],"wp:term":[{"taxonomy":"category","embeddable":true,"href":"https:\/\/jo-voss.de\/index.php?rest_route=%2Fwp%2Fv2%2Fcategories&post=82"},{"taxonomy":"post_tag","embeddable":true,"href":"https:\/\/jo-voss.de\/index.php?rest_route=%2Fwp%2Fv2%2Ftags&post=82"}],"curies":[{"name":"wp","href":"https:\/\/api.w.org\/{rel}","templated":true}]}}