{"id":52,"date":"2009-09-20T00:00:00","date_gmt":"2009-09-19T22:00:00","guid":{"rendered":"http:\/\/jo-voss.de\/?p=52"},"modified":"2017-07-30T17:17:28","modified_gmt":"2017-07-30T15:17:28","slug":"mein-neuer-roman-ist-erschienen-das-raetsel-vom-polenztal","status":"publish","type":"post","link":"https:\/\/jo-voss.de\/?p=52","title":{"rendered":"Mein neuer Roman ist erschienen: &#8222;Das R\u00e4tsel vom Polenztal&#8220;"},"content":{"rendered":"<p>Mein neuer Roman ist erschienen: &#8222;Das R\u00e4tsel vom Polenztal&#8220; (ISBN 9783852518336).<\/p>\n<figure id=\"attachment_53\" aria-describedby=\"caption-attachment-53\" style=\"width: 190px\" class=\"wp-caption alignright\"><a href=\"http:\/\/jo-voss.de\/wp-content\/uploads\/2017\/07\/Raetsel-Titel_kl.jpg\"><img loading=\"lazy\" decoding=\"async\" src=\"http:\/\/jo-voss.de\/wp-content\/uploads\/2017\/07\/Raetsel-Titel_kl.jpg\" alt=\"Das R\u00e4tsel vom Polenztal\" width=\"190\" height=\"304\" class=\"size-full wp-image-53\" srcset=\"https:\/\/jo-voss.de\/wp-content\/uploads\/2017\/07\/Raetsel-Titel_kl.jpg 190w, https:\/\/jo-voss.de\/wp-content\/uploads\/2017\/07\/Raetsel-Titel_kl-188x300.jpg 188w, https:\/\/jo-voss.de\/wp-content\/uploads\/2017\/07\/Raetsel-Titel_kl-150x240.jpg 150w\" sizes=\"(max-width: 190px) 100vw, 190px\" \/><\/a><figcaption id=\"caption-attachment-53\" class=\"wp-caption-text\">Das R\u00e4tsel vom Polenztal<\/figcaption><\/figure>Eigentlich wollte der Hamburger Kriminal-Hauptkommissar Marcus Nase, genannt &#8222;Riecher&#8220;, nur an einer von seinem Freund, dem autorisierten Tiroler Bergwanderf\u00fchrer Johann Vols, gef\u00fchrten Wanderwoche in der S\u00e4chsischen Schweiz teilnehmen. Zur gleichen Zeit fand in dieser wundesch\u00f6nen, bizarren Gegend die Entf\u00fchrung des mit einer geheimen Entwicklung beauftragten Juniorchefs eines mittelst\u00e4ndischen Unternehmens statt. Von der \u00f6rtlichen Polizei wurde Marcus Nase mit in die komplizierten Ermittlungen hineingezogen. Das L\u00f6segeld wurde angeblich an der Polenz gezahlt. Aber gerade daraufhin gab es unerwartete neue Verwicklungen.<\/p>\n<p>Der Leser wird bei der Lekt\u00fcre dieses Romans viele der authentisch geschilderten Wanderwege und Orte wiedererkennen oder zu einem Besuch dieser einmaligen Gegend animiert werden.<\/p>\n<p>Weitere Informationen gibt es auf der <a href=\"http:\/\/das-raetsel-vom-polenztal.de\/\" target=\"_blank\">Homepage des Buches.<\/a><\/p>\n","protected":false},"excerpt":{"rendered":"<p>Mein neuer Roman ist erschienen: &#8222;Das R\u00e4tsel vom Polenztal&#8220; (ISBN 9783852518336). Eigentlich wollte der Hamburger Kriminal-Hauptkommissar Marcus Nase, genannt &#8222;Riecher&#8220;, [&hellip;]<\/p>\n","protected":false},"author":2,"featured_media":0,"comment_status":"open","ping_status":"open","sticky":false,"template":"","format":"standard","meta":{"footnotes":""},"categories":[3,21,9,10,5],"tags":[],"views":2235,"_links":{"self":[{"href":"https:\/\/jo-voss.de\/index.php?rest_route=\/wp\/v2\/posts\/52"}],"collection":[{"href":"https:\/\/jo-voss.de\/index.php?rest_route=\/wp\/v2\/posts"}],"about":[{"href":"https:\/\/jo-voss.de\/index.php?rest_route=\/wp\/v2\/types\/post"}],"author":[{"embeddable":true,"href":"https:\/\/jo-voss.de\/index.php?rest_route=\/wp\/v2\/users\/2"}],"replies":[{"embeddable":true,"href":"https:\/\/jo-voss.de\/index.php?rest_route=%2Fwp%2Fv2%2Fcomments&post=52"}],"version-history":[{"count":3,"href":"https:\/\/jo-voss.de\/index.php?rest_route=\/wp\/v2\/posts\/52\/revisions"}],"predecessor-version":[{"id":72,"href":"https:\/\/jo-voss.de\/index.php?rest_route=\/wp\/v2\/posts\/52\/revisions\/72"}],"wp:attachment":[{"href":"https:\/\/jo-voss.de\/index.php?rest_route=%2Fwp%2Fv2%2Fmedia&parent=52"}],"wp:term":[{"taxonomy":"category","embeddable":true,"href":"https:\/\/jo-voss.de\/index.php?rest_route=%2Fwp%2Fv2%2Fcategories&post=52"},{"taxonomy":"post_tag","embeddable":true,"href":"https:\/\/jo-voss.de\/index.php?rest_route=%2Fwp%2Fv2%2Ftags&post=52"}],"curies":[{"name":"wp","href":"https:\/\/api.w.org\/{rel}","templated":true}]}}