{"id":127,"date":"2017-07-30T19:12:19","date_gmt":"2017-07-30T17:12:19","guid":{"rendered":"http:\/\/jo-voss.de\/?p=127"},"modified":"2017-07-30T19:19:19","modified_gmt":"2017-07-30T17:19:19","slug":"wanderung-rissen-holmer-sandberge-kloevensteen","status":"publish","type":"post","link":"https:\/\/jo-voss.de\/?p=127","title":{"rendered":"Wanderung Rissen &#8211; Holmer Sandberge &#8211; Kl\u00f6vensteen"},"content":{"rendered":"<p>Gerade eben von einer 23 km Wanderung Rissen-Holmer Sandberge-Kl\u00f6vensteen zur\u00fcckgekommen. Gewitterwolken zu sehen, Donner zu h\u00f6ren&#8230; es blieb trotzdem ohne Regen. Aber es war sehr gro\u00dfe Luftfeuchtigkeit bei 23\u00b0 und entsprechend anstrengend.<\/p>\n<h3>Karte<\/h3>\n<div class=\"su-gmap su-u-responsive-media-yes\"><iframe loading=\"lazy\" width=\"600\" height=\"400\" src=\"\/\/maps.google.com\/maps?q=Holmer%20Sandberge%20&amp;output=embed\" title=\"\"><\/iframe><\/div>\n","protected":false},"excerpt":{"rendered":"<p>Gerade eben von einer 23 km Wanderung Rissen-Holmer Sandberge-Kl\u00f6vensteen zur\u00fcckgekommen. Gewitterwolken zu sehen, Donner zu h\u00f6ren&#8230; es blieb trotzdem ohne [&hellip;]<\/p>\n","protected":false},"author":2,"featured_media":0,"comment_status":"open","ping_status":"open","sticky":false,"template":"","format":"standard","meta":{"footnotes":""},"categories":[16,24,23,25,5],"tags":[],"views":4478,"_links":{"self":[{"href":"https:\/\/jo-voss.de\/index.php?rest_route=\/wp\/v2\/posts\/127"}],"collection":[{"href":"https:\/\/jo-voss.de\/index.php?rest_route=\/wp\/v2\/posts"}],"about":[{"href":"https:\/\/jo-voss.de\/index.php?rest_route=\/wp\/v2\/types\/post"}],"author":[{"embeddable":true,"href":"https:\/\/jo-voss.de\/index.php?rest_route=\/wp\/v2\/users\/2"}],"replies":[{"embeddable":true,"href":"https:\/\/jo-voss.de\/index.php?rest_route=%2Fwp%2Fv2%2Fcomments&post=127"}],"version-history":[{"count":3,"href":"https:\/\/jo-voss.de\/index.php?rest_route=\/wp\/v2\/posts\/127\/revisions"}],"predecessor-version":[{"id":130,"href":"https:\/\/jo-voss.de\/index.php?rest_route=\/wp\/v2\/posts\/127\/revisions\/130"}],"wp:attachment":[{"href":"https:\/\/jo-voss.de\/index.php?rest_route=%2Fwp%2Fv2%2Fmedia&parent=127"}],"wp:term":[{"taxonomy":"category","embeddable":true,"href":"https:\/\/jo-voss.de\/index.php?rest_route=%2Fwp%2Fv2%2Fcategories&post=127"},{"taxonomy":"post_tag","embeddable":true,"href":"https:\/\/jo-voss.de\/index.php?rest_route=%2Fwp%2Fv2%2Ftags&post=127"}],"curies":[{"name":"wp","href":"https:\/\/api.w.org\/{rel}","templated":true}]}}