{"id":111,"date":"2012-12-26T17:07:12","date_gmt":"2012-12-26T16:07:12","guid":{"rendered":"http:\/\/jo-voss.de\/?p=111"},"modified":"2017-07-30T17:30:42","modified_gmt":"2017-07-30T15:30:42","slug":"das-geheimnis-des-klausners-vom-achensee-neu-erschienen","status":"publish","type":"post","link":"https:\/\/jo-voss.de\/?p=111","title":{"rendered":"&#8222;Das Geheimnis des Klausners vom Achensee&#8220; erschienen"},"content":{"rendered":"<p>Mein neuer Roman &#8222;Das Geheimnis des Klausners vom Achensee&#8220; ist jetzt erschienen.<\/p>\n<figure id=\"attachment_113\" aria-describedby=\"caption-attachment-113\" style=\"width: 197px\" class=\"wp-caption alignright\"><a href=\"http:\/\/jo-voss.de\/wp-content\/uploads\/2017\/07\/Titel_Das_Geheimnis_kl.jpg\"><img loading=\"lazy\" decoding=\"async\" src=\"http:\/\/jo-voss.de\/wp-content\/uploads\/2017\/07\/Titel_Das_Geheimnis_kl.jpg\" alt=\"\u201eDas Geheimnis des Klausners vom Achensee\u201c\" width=\"197\" height=\"319\" class=\"size-full wp-image-113\" srcset=\"https:\/\/jo-voss.de\/wp-content\/uploads\/2017\/07\/Titel_Das_Geheimnis_kl.jpg 197w, https:\/\/jo-voss.de\/wp-content\/uploads\/2017\/07\/Titel_Das_Geheimnis_kl-185x300.jpg 185w, https:\/\/jo-voss.de\/wp-content\/uploads\/2017\/07\/Titel_Das_Geheimnis_kl-148x240.jpg 148w\" sizes=\"(max-width: 197px) 100vw, 197px\" \/><\/a><figcaption id=\"caption-attachment-113\" class=\"wp-caption-text\">\u201eDas Geheimnis des Klausners vom Achensee\u201c<\/figcaption><\/figure>Aus dem selbstbewussten schlesischen Grafensohn wird durch Schicksalsschl\u00e4ge ein menschenscheuer und zur\u00fcckgezogen in einer einsamen H\u00fctte lebender Mann.<\/p>\n<p>Dem im Achental auf Urlaub befindlichen pensionierten Kriminalist Marcus Nase, genannt `Riecher\u00b4, gelingt es, dass der Klausner ihm seine gesamte Geschichte erz\u00e4hlt. Von der Flucht 1945 aus Schlesien, \u00fcber seine ihm zugewiesene neue Heimat, seiner Heirat, einem schweren Unfall, einem Feuer, bis zu seiner Ankunft in der H\u00fctte am Achensee.<\/p>\n<p>Dem `Riecher\u00b4 l\u00e4sst diese ans Herz gehende Erz\u00e4hlung keine Ruhe. Er forscht in der Vergangenheit des Einsiedlers nach. Dabei st\u00f6\u00dft er auf schlimme F\u00e4lle von Mobbing und Vorverurteilungen.<\/p>\n<p>Wie wird der Klausner und Pferdefreund mit der Wahrheit fertig werden?<\/p>\n<p>Mehr Informationen zu dem Buch und Bestellm\u00f6glichkeiten gibt es <a href=\"http:\/\/dasgeheimnisdesklausnersvomachensee.blogspot.de\/\" target=\"_blank\">hier<\/a>.<\/p>\n","protected":false},"excerpt":{"rendered":"<p>Mein neuer Roman &#8222;Das Geheimnis des Klausners vom Achensee&#8220; ist jetzt erschienen. Aus dem selbstbewussten schlesischen Grafensohn wird durch Schicksalsschl\u00e4ge [&hellip;]<\/p>\n","protected":false},"author":2,"featured_media":0,"comment_status":"open","ping_status":"open","sticky":false,"template":"","format":"standard","meta":{"footnotes":""},"categories":[20,3,19,4],"tags":[],"views":2088,"_links":{"self":[{"href":"https:\/\/jo-voss.de\/index.php?rest_route=\/wp\/v2\/posts\/111"}],"collection":[{"href":"https:\/\/jo-voss.de\/index.php?rest_route=\/wp\/v2\/posts"}],"about":[{"href":"https:\/\/jo-voss.de\/index.php?rest_route=\/wp\/v2\/types\/post"}],"author":[{"embeddable":true,"href":"https:\/\/jo-voss.de\/index.php?rest_route=\/wp\/v2\/users\/2"}],"replies":[{"embeddable":true,"href":"https:\/\/jo-voss.de\/index.php?rest_route=%2Fwp%2Fv2%2Fcomments&post=111"}],"version-history":[{"count":4,"href":"https:\/\/jo-voss.de\/index.php?rest_route=\/wp\/v2\/posts\/111\/revisions"}],"predecessor-version":[{"id":124,"href":"https:\/\/jo-voss.de\/index.php?rest_route=\/wp\/v2\/posts\/111\/revisions\/124"}],"wp:attachment":[{"href":"https:\/\/jo-voss.de\/index.php?rest_route=%2Fwp%2Fv2%2Fmedia&parent=111"}],"wp:term":[{"taxonomy":"category","embeddable":true,"href":"https:\/\/jo-voss.de\/index.php?rest_route=%2Fwp%2Fv2%2Fcategories&post=111"},{"taxonomy":"post_tag","embeddable":true,"href":"https:\/\/jo-voss.de\/index.php?rest_route=%2Fwp%2Fv2%2Ftags&post=111"}],"curies":[{"name":"wp","href":"https:\/\/api.w.org\/{rel}","templated":true}]}}